{"id":225,"date":"2016-05-15T20:05:20","date_gmt":"2016-05-15T20:05:20","guid":{"rendered":"http:\/\/www.haraldfriedl.ch\/?p=225"},"modified":"2016-06-15T19:32:08","modified_gmt":"2016-06-15T19:32:08","slug":"nein-zum-demokratieabbau-bei-den-bvb","status":"publish","type":"post","link":"https:\/\/www.haraldfriedl.ch\/?p=225","title":{"rendered":"Nein zum Demokratieabbau bei den BVB"},"content":{"rendered":"<figure id=\"attachment_226\" aria-describedby=\"caption-attachment-226\" style=\"width: 450px\" class=\"wp-caption alignnone\"><a href=\"https:\/\/www.haraldfriedl.ch\/wp-content\/uploads\/2016\/05\/BVB.jpg\"><img loading=\"lazy\" decoding=\"async\" class=\"wp-image-226 size-large\" src=\"https:\/\/www.haraldfriedl.ch\/wp-content\/uploads\/2016\/05\/BVB-1024x680.jpg\" alt=\"Foto Harald Friedl\" width=\"450\" height=\"299\" srcset=\"https:\/\/www.haraldfriedl.ch\/wp-content\/uploads\/2016\/05\/BVB-1024x680.jpg 1024w, https:\/\/www.haraldfriedl.ch\/wp-content\/uploads\/2016\/05\/BVB-300x199.jpg 300w, https:\/\/www.haraldfriedl.ch\/wp-content\/uploads\/2016\/05\/BVB-768x510.jpg 768w, https:\/\/www.haraldfriedl.ch\/wp-content\/uploads\/2016\/05\/BVB.jpg 1280w\" sizes=\"auto, (max-width: 450px) 100vw, 450px\" \/><\/a><figcaption id=\"caption-attachment-226\" class=\"wp-caption-text\">Foto Harald Friedl<\/figcaption><\/figure>\n<p style=\"text-align: justify;\"><strong><span class=\"s5\">Der Grosse Rat ist f\u00fcr die Leistungsabgeltung, die Verkehrsbauten und die Darlehen der BVB zust\u00e4ndig. Er soll aber nach Willen der Regierung<\/span><span class=\"s5\">\u00a0k\u00fcnftig<\/span><span class=\"s5\">\u00a0nicht mehr bei der\u00a0<\/span><span class=\"s5\">Wahl<\/span><span class=\"s5\">\u00a0der Verwaltungsr\u00e4te mitwi<\/span><span class=\"s5\">r<\/span><span class=\"s5\">ken. Gegen diesen Beschluss haben\u00a0<\/span><span class=\"s5\">Gr\u00fcne,\u00a0<\/span><span class=\"s5\">BastA!,<\/span><span class=\"s5\">\u00a0SP und<\/span><span class=\"s5\">\u00a0<\/span><span class=\"s5\">der\u00a0<\/span><span class=\"s5\">VPOD das Referendum ergriffen.<\/span><\/strong><\/p>\n<p class=\"s4\"><strong><span class=\"s5\"><!--more--><\/span><\/strong><\/p>\n<p class=\"s7\"><strong><span class=\"s6\">Die BVB soll<\/span><span class=\"s6\">en<\/span><span class=\"s6\">\u00a0allen dienen<\/span><\/strong><\/p>\n<p class=\"s7\" style=\"text-align: left;\"><span class=\"s5\">Die\u00a0<\/span><span class=\"s5\">Basler Verkehrsbetriebe (<\/span><span class=\"s5\">BVB<\/span><span class=\"s5\">)<\/span><span class=\"s5\">\u00a0<\/span><span class=\"s5\">waren seit\u00a0<\/span><span class=\"s5\">1895, mit\u00a0<\/span><span class=\"s5\">dem Betrieb\u00a0<\/span><span class=\"s5\">der ersten elektrischen Tram<\/span><span class=\"s5\">\u00a0ein Betrieb der<\/span><span class=\"s5\">\u00a0<\/span><span class=\"s5\">Staatsverwaltung.<\/span><span class=\"s5\">\u00a0Im Jahr<\/span><span class=\"s5\">2006\u00a0<\/span><span class=\"s5\">wurden die BVB<\/span><span class=\"s5\">\u00a0<\/span><span class=\"s5\">in Folge einer Volksabstimmung zu einer\u00a0<\/span><span class=\"s5\">\u00f6ffentlich-rechtliche<\/span><span class=\"s5\">n<\/span><span class=\"s5\">\u00a0Anstalt<\/span><span class=\"s5\">\u00a0<\/span><span class=\"s5\">im<\/span><span class=\"s5\">\u00a0100-p<\/span><span class=\"s5\">rozent<\/span><span class=\"s5\">igen<\/span><span class=\"s5\">\u00a0Besitz des Kantons<\/span><span class=\"s5\">.\u00a0<\/span><span class=\"s5\">Im Zuge\u00a0<\/span><span class=\"s5\">dieser<\/span><span class=\"s5\">\u00a0<\/span><span class=\"s5\">Verselbst\u00e4ndigung versprach der damalige Regierungsrat<\/span><span class=\"s5\">, dass<\/span><span class=\"s5\">\u00a0das\u00a0<\/span><span class=\"s5\">Unternehmen<\/span><span class=\"s5\">\u00a0weiterhin die<\/span><span class=\"s5\">\u00a0\u00f6ffentliche<\/span><span class=\"s5\">n<\/span><span class=\"s5\">Interessen<\/span><span class=\"s5\">\u00a0<\/span><span class=\"s5\">vertreten wird<\/span><span class=\"s5\">.\u00a0<\/span><span class=\"s5\">Daher wurde<\/span><span class=\"s5\">\u00a0u.a.<\/span><span class=\"s5\">\u00a0die\u00a0<\/span><span class=\"s5\">Wahl\u00a0<\/span><span class=\"s5\">der BVB-Verwaltungsr\u00e4te auf\u00a0<\/span><span class=\"s5\">mehrere<\/span><span class=\"s5\">\u00a0Gremien verteilt<\/span><span class=\"s5\">, um\u00a0<\/span><span class=\"s5\">einen Ausgleich<\/span><span class=\"s5\">zwischen\u00a0<\/span><span class=\"s5\">den G<\/span><span class=\"s5\">ewalten herzustellen<\/span><span class=\"s5\">. Die Wahl von je<\/span><span class=\"s5\">\u00a0drei BVB-Verwaltungsr\u00e4ten durch Pa<\/span><span class=\"s5\">r<\/span><span class=\"s5\">lament und Regierungsrat\u00a0<\/span><span class=\"s5\">sorgte\u00a0<\/span><span class=\"s5\">f\u00fcr<\/span><span class=\"s5\">Transparenz und<\/span><span class=\"s5\">\u00a0<\/span><span class=\"s5\">gute\u00a0<\/span><span class=\"s5\">Zusammenarbeit.<\/span><\/p>\n<p class=\"s8\"><strong><span class=\"s6\">R<\/span><span class=\"s6\">ichtige Lehre aus Skandalen<\/span><span class=\"s6\">\u00a0<\/span><span class=\"s6\">ziehen<\/span><\/strong><\/p>\n<p class=\"s4\" style=\"text-align: left;\"><span class=\"s5\">Bei \u00f6ffentlich-rechtlichen<\/span><span class=\"s5\">\u00a0<\/span><span class=\"s5\">Anstalten<\/span><span class=\"s5\">\u00a0besteht kein Wettbewerb<\/span><span class=\"s5\">. Deshalb<\/span><span class=\"s5\">braucht<\/span><span class=\"s5\">\u00a0es eine breite Abst\u00fctzung.\u00a0<\/span><span class=\"s5\">Nach ihrer Verselbst\u00e4ndigung sollte<\/span><span class=\"s5\">n<\/span><span class=\"s5\">\u00a0die BVB in die \u201eChampions-League\u201c der Verkehrsbetriebe aufsteigen. Die<\/span><span class=\"s5\">se<\/span><span class=\"s5\">\u00a0vol<\/span><span class=\"s5\">l<\/span><span class=\"s5\">mundige Ank\u00fcndigung<\/span><span class=\"s5\">\u00a0des CEO<\/span><span class=\"s5\">\u00a0endete 2013 in Skandalen und Pannen.\u00a0<\/span><span class=\"s5\">Es waren<\/span><span class=\"s5\">\u00a0unabh\u00e4ngige<\/span><span class=\"s5\">\u00a0E<\/span><span class=\"s5\">x<\/span><span class=\"s5\">ponenten<\/span><span class=\"s5\">\u00a0des Grossen Rats, die i<\/span><span class=\"s5\">m Verwaltungsrat die richtigen Fragen\u00a0<\/span><span class=\"s5\">stellten und<\/span><span class=\"s5\">Kontrollen in Gang<\/span><span class=\"s5\">\u00a0setzten<\/span><span class=\"s5\">,\u00a0<\/span><span class=\"s5\">die<\/span><span class=\"s5\">\u00a0Missst\u00e4nde aufdeckten<\/span><span class=\"s5\">.<\/span><span class=\"s5\">\u00a0<\/span><span class=\"s5\">Die strategische Leitung\u00a0<\/span><span class=\"s5\">der BVB<\/span><span class=\"s5\">\u00a0darf nicht zu einem Kopfnicker-Gremium werden<\/span><span class=\"s5\">,\u00a0<\/span><span class=\"s5\">das<\/span><span class=\"s5\">\u00a0nur dem Regierungsrat verpflichtet ist<\/span><span class=\"s5\">.<\/span><\/p>\n<p class=\"s4\" style=\"text-align: left;\">Der Artikel wurde im Gr\u00fcnw\u00e4rts ver\u00f6ffentlicht im\u00a0Mai 2015<\/p>\n","protected":false},"excerpt":{"rendered":"<p>Der Grosse Rat ist f\u00fcr die Leistungsabgeltung, die Verkehrsbauten und die Darlehen der BVB zust\u00e4ndig. Er soll aber nach Willen der Regierung\u00a0k\u00fcnftig\u00a0nicht mehr bei der\u00a0Wahl\u00a0der Verwaltungsr\u00e4te mitwirken. Gegen diesen Beschluss haben\u00a0Gr\u00fcne,\u00a0BastA!,\u00a0SP und\u00a0der\u00a0VPOD das Referendum ergriffen.<\/p>\n","protected":false},"author":1,"featured_media":0,"comment_status":"open","ping_status":"open","sticky":false,"template":"","format":"standard","meta":{"jetpack_post_was_ever_published":false,"_jetpack_newsletter_access":"","_jetpack_dont_email_post_to_subs":false,"_jetpack_newsletter_tier_id":0,"_jetpack_memberships_contains_paywalled_content":false,"_jetpack_memberships_contains_paid_content":false,"footnotes":"","jetpack_publicize_message":"","jetpack_publicize_feature_enabled":true,"jetpack_social_post_already_shared":false,"jetpack_social_options":{"image_generator_settings":{"template":"highway","default_image_id":0,"enabled":false},"version":2}},"categories":[1],"tags":[],"class_list":["post-225","post","type-post","status-publish","format-standard","hentry","category-uncategorized"],"jetpack_publicize_connections":[],"jetpack_featured_media_url":"","jetpack_sharing_enabled":true,"jetpack_shortlink":"https:\/\/wp.me\/p7G04Y-3D","_links":{"self":[{"href":"https:\/\/www.haraldfriedl.ch\/index.php?rest_route=\/wp\/v2\/posts\/225","targetHints":{"allow":["GET"]}}],"collection":[{"href":"https:\/\/www.haraldfriedl.ch\/index.php?rest_route=\/wp\/v2\/posts"}],"about":[{"href":"https:\/\/www.haraldfriedl.ch\/index.php?rest_route=\/wp\/v2\/types\/post"}],"author":[{"embeddable":true,"href":"https:\/\/www.haraldfriedl.ch\/index.php?rest_route=\/wp\/v2\/users\/1"}],"replies":[{"embeddable":true,"href":"https:\/\/www.haraldfriedl.ch\/index.php?rest_route=%2Fwp%2Fv2%2Fcomments&post=225"}],"version-history":[{"count":7,"href":"https:\/\/www.haraldfriedl.ch\/index.php?rest_route=\/wp\/v2\/posts\/225\/revisions"}],"predecessor-version":[{"id":310,"href":"https:\/\/www.haraldfriedl.ch\/index.php?rest_route=\/wp\/v2\/posts\/225\/revisions\/310"}],"wp:attachment":[{"href":"https:\/\/www.haraldfriedl.ch\/index.php?rest_route=%2Fwp%2Fv2%2Fmedia&parent=225"}],"wp:term":[{"taxonomy":"category","embeddable":true,"href":"https:\/\/www.haraldfriedl.ch\/index.php?rest_route=%2Fwp%2Fv2%2Fcategories&post=225"},{"taxonomy":"post_tag","embeddable":true,"href":"https:\/\/www.haraldfriedl.ch\/index.php?rest_route=%2Fwp%2Fv2%2Ftags&post=225"}],"curies":[{"name":"wp","href":"https:\/\/api.w.org\/{rel}","templated":true}]}}