{"id":261,"date":"2016-06-07T21:07:40","date_gmt":"2016-06-07T21:07:40","guid":{"rendered":"http:\/\/www.haraldfriedl.ch\/?p=261"},"modified":"2016-06-07T21:13:07","modified_gmt":"2016-06-07T21:13:07","slug":"interpellation-betreffend-klimaschutzbericht-des-kantons-basel-stadt","status":"publish","type":"post","link":"https:\/\/www.haraldfriedl.ch\/?p=261","title":{"rendered":"Interpellation  betreffend Klimaschutzbericht des Kantons Basel-Stadt"},"content":{"rendered":"<figure id=\"attachment_262\" aria-describedby=\"caption-attachment-262\" style=\"width: 450px\" class=\"wp-caption alignnone\"><a href=\"https:\/\/www.haraldfriedl.ch\/wp-content\/uploads\/2016\/06\/Gletscherschmelze.jpg\"><img loading=\"lazy\" decoding=\"async\" class=\"wp-image-262 size-large\" src=\"https:\/\/www.haraldfriedl.ch\/wp-content\/uploads\/2016\/06\/Gletscherschmelze-1024x519.jpg\" alt=\"Gletscherschmelze\" width=\"450\" height=\"228\" srcset=\"https:\/\/www.haraldfriedl.ch\/wp-content\/uploads\/2016\/06\/Gletscherschmelze.jpg 1024w, https:\/\/www.haraldfriedl.ch\/wp-content\/uploads\/2016\/06\/Gletscherschmelze-300x152.jpg 300w, https:\/\/www.haraldfriedl.ch\/wp-content\/uploads\/2016\/06\/Gletscherschmelze-768x389.jpg 768w\" sizes=\"auto, (max-width: 450px) 100vw, 450px\" \/><\/a><figcaption id=\"caption-attachment-262\" class=\"wp-caption-text\">Der Grosse Aletschgletscher, links im Jahre 1979, in der Mitte im Jahre 1991 und rechts 2002. L. Albrecht\/Pro Natura Zentrum Aletsch<\/figcaption><\/figure>\n<p style=\"text-align: left;\"><strong>In meinem\u00a0ersten Vorstoss im Grossen Rat frage ich die Regierung, ob der Klimaschutzbericht, der im Klimafolgenbericht von 2011 angek\u00fcndigt ist, erstellt wurde. Die Interpellation wird schriftlich beantwortet. Der Vorstoss (<a href=\"http:\/\/www.grosserrat.bs.ch\/media\/files\/tagesordnungen\/interpellationen_2016-06-08.pdf\">Interpellation Nr. 78<\/a>) im Wortlaut:<\/strong><\/p>\n<p style=\"text-align: left;\"><!--more-->An der UN-Weltklimakonferenz vom letzten Dezember in Paris (COP21), haben f\u00fchrende Politiker aller L\u00e4nder auf die Dringlichkeit von Massnahmen auf allen Ebenen zur Begrenzung der Klimaerw\u00e4rmung hingewiesen. Im Jahr 2011 ver\u00f6ffentlichte der Regierungsrat des Kantons Basel-Stadt einen vielbeachteten Klimafolgenbericht. Dieser Bericht wurde breit gestreut und ist auch auf Website des AUE aufgeschaltet. Der Bericht befasst sich, wie der Untertitel schon aussagt, mit den \u201eHandlungsm\u00f6glichkeiten und Handlungsbedarf aufgrund der Klimaver\u00e4nderung in Basel-Stadt\u201c. Im Vorwort des Klimaschutzberichts schreibt der Regierungsrat, dass ein zweiter Klimabericht erstellt werden soll, der die gegenw\u00e4rtigen und k\u00fcnftigen Emissionen klimarelevanter Gase bilanzieren und die konkrete Handlungsmassnahmen aufzeigen soll. Mit diesen beiden sich erg\u00e4nzenden Berichten will der Regierungsrat gem\u00e4ss eigenen Aussagen ein Wegzeichen setzen f\u00fcr eine erfolgreiche lokale Klimapolitik. Der Klimaschutzbericht wurde im Vorwort des Klimafolgenberichts auf Ende 2011 angek\u00fcndigt. Leider ist dieser auf der Website des AUE unter dem Thema Klimawandel nicht aufgeschaltet.\u00a0Vor diesem Hintergrund bittet der Unterzeichnende den Regierungsrat um die Beantwortung folgender Fragen:<\/p>\n<ol>\n<li style=\"text-align: left;\">Wurde der Klimaschutzbericht wie im Klimafolgenbericht von 2011 angek\u00fcndigt erstellt? Wenn ja, ist dieser \u00f6ffentlich zug\u00e4nglich und wo wurde dieser publiziert?<\/li>\n<li style=\"text-align: left;\">Wenn der Bericht entgegen der Ank\u00fcndigung bisher nicht erstellt wurde, was sind hierf\u00fcr die Gr\u00fcnde?<\/li>\n<li style=\"text-align: left;\">Ist der Regierungsrat der Meinung, dass dringende Massnahmen zur Senkung des Ausstosses von Treibhausgasen erforderlich sind? Wenn ja, wie werden diese umgesetzt.<\/li>\n<li style=\"text-align: left;\">Hat der Regierungsrat bereits Massnahmen zur Begrenzung der Folgen der Klimaerw\u00e4rmung auf Kantonsgebiet getroffen und wenn ja welche?<\/li>\n<li style=\"text-align: left;\">Ist der Regierungsrat im Besitz von Zahlen zu den gegenw\u00e4rtige und prognostizierten CO<sub>2<\/sub>-Emissionen im Kanton? Wenn ja, wo werden diese publiziert?<\/li>\n<\/ol>\n","protected":false},"excerpt":{"rendered":"<p>In meinem\u00a0ersten Vorstoss im Grossen Rat frage ich die Regierung, ob der Klimaschutzbericht, der im Klimafolgenbericht von 2011 angek\u00fcndigt ist, erstellt wurde. Die Interpellation wird schriftlich beantwortet. Der Vorstoss (Interpellation Nr. 78) im Wortlaut:<\/p>\n","protected":false},"author":1,"featured_media":0,"comment_status":"open","ping_status":"open","sticky":false,"template":"","format":"standard","meta":{"jetpack_post_was_ever_published":false,"_jetpack_newsletter_access":"","_jetpack_dont_email_post_to_subs":false,"_jetpack_newsletter_tier_id":0,"_jetpack_memberships_contains_paywalled_content":false,"_jetpack_memberships_contains_paid_content":false,"footnotes":"","jetpack_publicize_message":"","jetpack_publicize_feature_enabled":true,"jetpack_social_post_already_shared":false,"jetpack_social_options":{"image_generator_settings":{"template":"highway","default_image_id":0,"enabled":false},"version":2}},"categories":[1],"tags":[],"class_list":["post-261","post","type-post","status-publish","format-standard","hentry","category-uncategorized"],"jetpack_publicize_connections":[],"jetpack_featured_media_url":"","jetpack_sharing_enabled":true,"jetpack_shortlink":"https:\/\/wp.me\/p7G04Y-4d","_links":{"self":[{"href":"https:\/\/www.haraldfriedl.ch\/index.php?rest_route=\/wp\/v2\/posts\/261","targetHints":{"allow":["GET"]}}],"collection":[{"href":"https:\/\/www.haraldfriedl.ch\/index.php?rest_route=\/wp\/v2\/posts"}],"about":[{"href":"https:\/\/www.haraldfriedl.ch\/index.php?rest_route=\/wp\/v2\/types\/post"}],"author":[{"embeddable":true,"href":"https:\/\/www.haraldfriedl.ch\/index.php?rest_route=\/wp\/v2\/users\/1"}],"replies":[{"embeddable":true,"href":"https:\/\/www.haraldfriedl.ch\/index.php?rest_route=%2Fwp%2Fv2%2Fcomments&post=261"}],"version-history":[{"count":10,"href":"https:\/\/www.haraldfriedl.ch\/index.php?rest_route=\/wp\/v2\/posts\/261\/revisions"}],"predecessor-version":[{"id":281,"href":"https:\/\/www.haraldfriedl.ch\/index.php?rest_route=\/wp\/v2\/posts\/261\/revisions\/281"}],"wp:attachment":[{"href":"https:\/\/www.haraldfriedl.ch\/index.php?rest_route=%2Fwp%2Fv2%2Fmedia&parent=261"}],"wp:term":[{"taxonomy":"category","embeddable":true,"href":"https:\/\/www.haraldfriedl.ch\/index.php?rest_route=%2Fwp%2Fv2%2Fcategories&post=261"},{"taxonomy":"post_tag","embeddable":true,"href":"https:\/\/www.haraldfriedl.ch\/index.php?rest_route=%2Fwp%2Fv2%2Ftags&post=261"}],"curies":[{"name":"wp","href":"https:\/\/api.w.org\/{rel}","templated":true}]}}