{"id":301,"date":"2016-06-15T19:06:46","date_gmt":"2016-06-15T19:06:46","guid":{"rendered":"http:\/\/www.haraldfriedl.ch\/?p=301"},"modified":"2016-06-15T19:27:45","modified_gmt":"2016-06-15T19:27:45","slug":"familienfreundliche-wirtschaftsregion","status":"publish","type":"post","link":"https:\/\/www.haraldfriedl.ch\/?p=301","title":{"rendered":"Familienfreundliche Wirtschaftsregion"},"content":{"rendered":"<figure id=\"attachment_306\" aria-describedby=\"caption-attachment-306\" style=\"width: 640px\" class=\"wp-caption alignnone\"><a href=\"https:\/\/www.haraldfriedl.ch\/wp-content\/uploads\/2016\/06\/Couple_Kids_and_Confusion.jpg\"><img loading=\"lazy\" decoding=\"async\" class=\"wp-image-306 size-full\" src=\"https:\/\/www.haraldfriedl.ch\/wp-content\/uploads\/2016\/06\/Couple_Kids_and_Confusion.jpg\" alt=\"Couple,_Kids_and_Confusion\" width=\"640\" height=\"288\" srcset=\"https:\/\/www.haraldfriedl.ch\/wp-content\/uploads\/2016\/06\/Couple_Kids_and_Confusion.jpg 640w, https:\/\/www.haraldfriedl.ch\/wp-content\/uploads\/2016\/06\/Couple_Kids_and_Confusion-300x135.jpg 300w\" sizes=\"auto, (max-width: 640px) 100vw, 640px\" \/><\/a><figcaption id=\"caption-attachment-306\" class=\"wp-caption-text\">By Shafiahmedrizvi (Own work)<\/figcaption><\/figure>\n<p><strong>Zweiter Tag und zweites Votum im Grossen Rat. Dieses Mal zu einem Anzug von Anita Lachenmeier betreffend familienfreundliche Wirtschaftsregion. Der Anzug wurde sehr knapp zur Berichterstattung an die Regierung \u00fcberwiesen. Hierf\u00fcr brauchte es nach einem Patt den Stichentscheid der Grossratspr\u00e4sidentin Dominique K\u00f6nig-L\u00fcdin.<\/strong><\/p>\n<p><!--more--><\/p>\n<p>Frau Pr\u00e4sidentin, Herr Statthalter, meine Damen und Herren<\/p>\n<p>Das Gr\u00fcnen B\u00fcndnis m\u00f6chte ihnen den vorliegenden Anzug beliebt machen und empfiehlt Ihnen die \u00dcberweisung an den Regierungsrat.<\/p>\n<p>Die Vorteile f\u00fcr ArbeitnehmerInnen und Arbeitnehmer mit Kindern in Betrieben die eine familienfreundliche Politik betreiben sind betr\u00e4chtlich. Dazu geh\u00f6ren Angebote zur Teilzeitarbeit, betriebliche Kinderbetreuungsst\u00e4tten und ausgedehnte Elternurlaube.<\/p>\n<p>Diverse Studien zeigen, dass solche Massnahmen zu motivierten Mitarbeiterinnen und Mitarbeitern f\u00fchrt und somit einen positiven Einfluss auf die gesamte Belegschaft haben &#8211; nicht nur auf M\u00fctter und V\u00e4ter. Die Firmen profitieren auch betriebswirtschaftlich. Die monet\u00e4ren Vorteile f\u00fcr Firmen mit einer Familienfreundlichen Unternehmenspolitik in zwei gross angelegten Schweizer Studien beleuchtet, die auf der Website der \u201eFamilienfreundlichen Wirtschaftsregion Basel\u201c einzusehen sind.<\/p>\n<p>Der Kanton Basel-Stadt hat bereits eine Plattform aufgeschaltet, worin die Vorteile einer familienfreundlichen Politik f\u00fcr die Betriebe beschrieben werden. Die Abteilung Gleichstellung von Frauen und M\u00e4nnern des Pr\u00e4sidialdepartements hat innerhalb dieser Plattform die Koordination inne und f\u00fchre diverse wichtige Veranstaltungen zum Thema durch. Nur dies alleine gen\u00fcgt nicht. Wir wollen, dass die Regierung weitere Aktivit\u00e4ten zu diesem wichtigen Thema anreisst und beispielsweise F\u00f6rderprogramme f\u00fcr Firmen schafft.<\/p>\n<p>In diesem Sinne wollen wir mit diesem Vorstoss erreichen, dass Basel-Stadt sich vermehrt mit dem Umstand auseinandersetzt, wie wir den Wirtschaftsraum Basel familienfreundlicher gestalten k\u00f6nnen. Die Zahlen diverser Studien belegen es, dass das gut investiertes Geld ist.<\/p>\n<p>Daher empfehlen wir die \u00dcberweisung des Anzugs an die Regierung zur Pr\u00fcfung und Berichterstattung \u00fcber weiterer Angebote zur St\u00e4rkung einer familienfreundlichen Region.<\/p>\n","protected":false},"excerpt":{"rendered":"<p>Zweiter Tag und zweites Votum im Grossen Rat. Dieses Mal zu einem Anzug von Anita Lachenmeier betreffend familienfreundliche Wirtschaftsregion. Der Anzug wurde sehr knapp zur Berichterstattung an die Regierung \u00fcberwiesen. Hierf\u00fcr brauchte es nach einem Patt den Stichentscheid der Grossratspr\u00e4sidentin Dominique K\u00f6nig-L\u00fcdin.<\/p>\n","protected":false},"author":1,"featured_media":0,"comment_status":"open","ping_status":"open","sticky":false,"template":"","format":"standard","meta":{"jetpack_post_was_ever_published":false,"_jetpack_newsletter_access":"","_jetpack_dont_email_post_to_subs":false,"_jetpack_newsletter_tier_id":0,"_jetpack_memberships_contains_paywalled_content":false,"_jetpack_memberships_contains_paid_content":false,"footnotes":"","jetpack_publicize_message":"","jetpack_publicize_feature_enabled":true,"jetpack_social_post_already_shared":false,"jetpack_social_options":{"image_generator_settings":{"template":"highway","default_image_id":0,"enabled":false},"version":2}},"categories":[1],"tags":[],"class_list":["post-301","post","type-post","status-publish","format-standard","hentry","category-uncategorized"],"jetpack_publicize_connections":[],"jetpack_featured_media_url":"","jetpack_sharing_enabled":true,"jetpack_shortlink":"https:\/\/wp.me\/p7G04Y-4R","_links":{"self":[{"href":"https:\/\/www.haraldfriedl.ch\/index.php?rest_route=\/wp\/v2\/posts\/301","targetHints":{"allow":["GET"]}}],"collection":[{"href":"https:\/\/www.haraldfriedl.ch\/index.php?rest_route=\/wp\/v2\/posts"}],"about":[{"href":"https:\/\/www.haraldfriedl.ch\/index.php?rest_route=\/wp\/v2\/types\/post"}],"author":[{"embeddable":true,"href":"https:\/\/www.haraldfriedl.ch\/index.php?rest_route=\/wp\/v2\/users\/1"}],"replies":[{"embeddable":true,"href":"https:\/\/www.haraldfriedl.ch\/index.php?rest_route=%2Fwp%2Fv2%2Fcomments&post=301"}],"version-history":[{"count":5,"href":"https:\/\/www.haraldfriedl.ch\/index.php?rest_route=\/wp\/v2\/posts\/301\/revisions"}],"predecessor-version":[{"id":307,"href":"https:\/\/www.haraldfriedl.ch\/index.php?rest_route=\/wp\/v2\/posts\/301\/revisions\/307"}],"wp:attachment":[{"href":"https:\/\/www.haraldfriedl.ch\/index.php?rest_route=%2Fwp%2Fv2%2Fmedia&parent=301"}],"wp:term":[{"taxonomy":"category","embeddable":true,"href":"https:\/\/www.haraldfriedl.ch\/index.php?rest_route=%2Fwp%2Fv2%2Fcategories&post=301"},{"taxonomy":"post_tag","embeddable":true,"href":"https:\/\/www.haraldfriedl.ch\/index.php?rest_route=%2Fwp%2Fv2%2Ftags&post=301"}],"curies":[{"name":"wp","href":"https:\/\/api.w.org\/{rel}","templated":true}]}}