{"id":38,"date":"2016-03-01T20:56:55","date_gmt":"2016-03-01T20:56:55","guid":{"rendered":"http:\/\/www.haraldfriedl.ch\/?p=38"},"modified":"2016-06-15T19:32:21","modified_gmt":"2016-06-15T19:32:21","slug":"in-bearbeitung","status":"publish","type":"post","link":"https:\/\/www.haraldfriedl.ch\/?p=38","title":{"rendered":"Nachrutschen in den Grossen Rat"},"content":{"rendered":"<figure id=\"attachment_14\" aria-describedby=\"caption-attachment-14\" style=\"width: 450px\" class=\"wp-caption alignnone\"><a href=\"https:\/\/www.haraldfriedl.ch\/wp-content\/uploads\/2016\/05\/DSC_0188.jpg\"><img loading=\"lazy\" decoding=\"async\" class=\"wp-image-14 size-large\" src=\"https:\/\/www.haraldfriedl.ch\/wp-content\/uploads\/2016\/05\/DSC_0188-1024x594.jpg\" alt=\"DSC_0188\" width=\"450\" height=\"261\" srcset=\"https:\/\/www.haraldfriedl.ch\/wp-content\/uploads\/2016\/05\/DSC_0188-1024x594.jpg 1024w, https:\/\/www.haraldfriedl.ch\/wp-content\/uploads\/2016\/05\/DSC_0188-300x174.jpg 300w, https:\/\/www.haraldfriedl.ch\/wp-content\/uploads\/2016\/05\/DSC_0188-768x445.jpg 768w, https:\/\/www.haraldfriedl.ch\/wp-content\/uploads\/2016\/05\/DSC_0188-1200x696.jpg 1200w\" sizes=\"auto, (max-width: 450px) 100vw, 450px\" \/><\/a><figcaption id=\"caption-attachment-14\" class=\"wp-caption-text\">Foto Francesca Renggli<\/figcaption><\/figure>\n<p><strong>Meine Motivation<\/strong><\/p>\n<p><!--more-->Ich verfolge und begleite das politische Geschehen in Basel schon seit \u00fcber 10 Jahren aktiv in der Gr\u00fcnen Partei. Seit 2006 bin ich als Vizepr\u00e4sident vertraut mit den Geschehnissen in der Partei und habe die Ausrichtung aktiv mitgestaltet. Im Grossen Rat will ich die erfolgreiche Politik von Rot-Gr\u00fcn weiter verfolgen und dazu beitragen, dass Basel weiterhin in \u00f6kologische und soziale Anliegen investiert. Hierzu geh\u00f6ren Ziele wie die 100%ige Unabh\u00e4ngigkeit von fossilen Brennstoffen, wie auch die Verringerung der Einkommens- und Verm\u00f6gensunterschiede. Durch meine vielseitigen beruflichen und gesellschaftlichen Erfahrungen bringe ich das R\u00fcstzeug mit, um Allianzen bilden zu k\u00f6nnen.<\/p>\n<p><a href=\"http:\/\/www.grosserrat.bs.ch\/de\/38-mitteilung\/552-daniel-spirgi-rueckt-fuer-patrizia-bernasconi-nach-gruenes-buendnis\">Mitteilung auf der Seite des Grossen Rates vom 24. Mai 2016<\/a><\/p>\n<p><a href=\"http:\/\/www.gruene-bs.ch\/dokumente\/presse\/160301%20MM_NachfolgeGR_2016_def.pdf\">Medienmitteilung vom Gr\u00fcnen B\u00fcndnis vom 1. M\u00e4rz 2016<\/a><\/p>\n","protected":false},"excerpt":{"rendered":"<p>Meine Motivation<\/p>\n","protected":false},"author":1,"featured_media":0,"comment_status":"open","ping_status":"open","sticky":false,"template":"","format":"standard","meta":{"jetpack_post_was_ever_published":false,"_jetpack_newsletter_access":"","_jetpack_dont_email_post_to_subs":false,"_jetpack_newsletter_tier_id":0,"_jetpack_memberships_contains_paywalled_content":false,"_jetpack_memberships_contains_paid_content":false,"footnotes":"","jetpack_publicize_message":"","jetpack_publicize_feature_enabled":true,"jetpack_social_post_already_shared":false,"jetpack_social_options":{"image_generator_settings":{"template":"highway","default_image_id":0,"enabled":false},"version":2}},"categories":[1],"tags":[],"class_list":["post-38","post","type-post","status-publish","format-standard","hentry","category-uncategorized"],"jetpack_publicize_connections":[],"jetpack_featured_media_url":"","jetpack_sharing_enabled":true,"jetpack_shortlink":"https:\/\/wp.me\/p7G04Y-C","_links":{"self":[{"href":"https:\/\/www.haraldfriedl.ch\/index.php?rest_route=\/wp\/v2\/posts\/38","targetHints":{"allow":["GET"]}}],"collection":[{"href":"https:\/\/www.haraldfriedl.ch\/index.php?rest_route=\/wp\/v2\/posts"}],"about":[{"href":"https:\/\/www.haraldfriedl.ch\/index.php?rest_route=\/wp\/v2\/types\/post"}],"author":[{"embeddable":true,"href":"https:\/\/www.haraldfriedl.ch\/index.php?rest_route=\/wp\/v2\/users\/1"}],"replies":[{"embeddable":true,"href":"https:\/\/www.haraldfriedl.ch\/index.php?rest_route=%2Fwp%2Fv2%2Fcomments&post=38"}],"version-history":[{"count":9,"href":"https:\/\/www.haraldfriedl.ch\/index.php?rest_route=\/wp\/v2\/posts\/38\/revisions"}],"predecessor-version":[{"id":311,"href":"https:\/\/www.haraldfriedl.ch\/index.php?rest_route=\/wp\/v2\/posts\/38\/revisions\/311"}],"wp:attachment":[{"href":"https:\/\/www.haraldfriedl.ch\/index.php?rest_route=%2Fwp%2Fv2%2Fmedia&parent=38"}],"wp:term":[{"taxonomy":"category","embeddable":true,"href":"https:\/\/www.haraldfriedl.ch\/index.php?rest_route=%2Fwp%2Fv2%2Fcategories&post=38"},{"taxonomy":"post_tag","embeddable":true,"href":"https:\/\/www.haraldfriedl.ch\/index.php?rest_route=%2Fwp%2Fv2%2Ftags&post=38"}],"curies":[{"name":"wp","href":"https:\/\/api.w.org\/{rel}","templated":true}]}}